{"id":963,"date":"2023-12-21T15:17:01","date_gmt":"2023-12-21T14:17:01","guid":{"rendered":"https:\/\/www.aatev.de\/home\/?p=963"},"modified":"2023-12-21T15:17:02","modified_gmt":"2023-12-21T14:17:02","slug":"zum-jahresende","status":"publish","type":"post","link":"https:\/\/www.aatev.de\/home\/2023\/12\/21\/zum-jahresende\/","title":{"rendered":"Zum Jahresende"},"content":{"rendered":"\n<p>Das Jahr 2023 war ein gutes Jahr f\u00fcr den Verein. Wir sind stetig gewachsen und unsere regelm\u00e4\u00dfigen Stammtische sind immer gut besucht.<\/p>\n\n\n\n<p>Unser E-Auto erfreut sich besonderer Beliebtheit und die Nutzung unsere Fahrzeuge steigt. Das freu uns sehr, denn jeder Haushalt, der mit unseren Autos f\u00e4hrt spart sich meist einen Zweitwagen oder hat sogar \u00fcberhaupt kein eigenes Auto.<\/p>\n\n\n\n<p>So k\u00f6nnen wir einen sinnvollen Beitrag leisten um Ressourcen, CO2 und Platz im \u00f6ffentlichen Raum zu sparen.<\/p>\n\n\n\n<p>Vielen Dank an alle Mitglieder.<\/p>\n\n\n\n<figure class=\"wp-block-image size-full\"><img loading=\"lazy\" decoding=\"async\" width=\"693\" height=\"520\" src=\"https:\/\/www.aatev.de\/wp-content\/uploads\/2023\/12\/Weihnachtswunschund2024Assling.jpg\" alt=\"\" class=\"wp-image-964\" srcset=\"https:\/\/www.aatev.de\/wp-content\/uploads\/2023\/12\/Weihnachtswunschund2024Assling.jpg 693w, https:\/\/www.aatev.de\/wp-content\/uploads\/2023\/12\/Weihnachtswunschund2024Assling-300x225.jpg 300w\" sizes=\"auto, (max-width: 693px) 100vw, 693px\" \/><\/figure>\n\n\n\n<p>Der Vorstand<\/p>\n","protected":false},"excerpt":{"rendered":"<p>Das Jahr 2023 war ein gutes Jahr f\u00fcr den Verein. Wir sind stetig gewachsen und unsere regelm\u00e4\u00dfigen Stammtische sind immer&hellip;<\/p>\n","protected":false},"author":1,"featured_media":0,"comment_status":"closed","ping_status":"closed","sticky":false,"template":"","format":"standard","meta":{"_uag_custom_page_level_css":"","footnotes":""},"categories":[1],"tags":[49,3,6,20,12,35],"class_list":["post-963","post","type-post","status-publish","format-standard","hentry","category-allgemein","tag-49","tag-assling","tag-carsharing","tag-mobilitaet","tag-verein","tag-weihnachten"],"uagb_featured_image_src":{"full":false,"thumbnail":false,"medium":false,"medium_large":false,"large":false,"1536x1536":false,"2048x2048":false,"primer-featured":false,"primer-hero":false},"uagb_author_info":{"display_name":"wp-admin","author_link":"https:\/\/www.aatev.de\/home\/author\/wp-admin\/"},"uagb_comment_info":0,"uagb_excerpt":"Das Jahr 2023 war ein gutes Jahr f\u00fcr den Verein. Wir sind stetig gewachsen und unsere regelm\u00e4\u00dfigen Stammtische sind immer&hellip;","_links":{"self":[{"href":"https:\/\/www.aatev.de\/home\/wp-json\/wp\/v2\/posts\/963","targetHints":{"allow":["GET"]}}],"collection":[{"href":"https:\/\/www.aatev.de\/home\/wp-json\/wp\/v2\/posts"}],"about":[{"href":"https:\/\/www.aatev.de\/home\/wp-json\/wp\/v2\/types\/post"}],"author":[{"embeddable":true,"href":"https:\/\/www.aatev.de\/home\/wp-json\/wp\/v2\/users\/1"}],"replies":[{"embeddable":true,"href":"https:\/\/www.aatev.de\/home\/wp-json\/wp\/v2\/comments?post=963"}],"version-history":[{"count":1,"href":"https:\/\/www.aatev.de\/home\/wp-json\/wp\/v2\/posts\/963\/revisions"}],"predecessor-version":[{"id":965,"href":"https:\/\/www.aatev.de\/home\/wp-json\/wp\/v2\/posts\/963\/revisions\/965"}],"wp:attachment":[{"href":"https:\/\/www.aatev.de\/home\/wp-json\/wp\/v2\/media?parent=963"}],"wp:term":[{"taxonomy":"category","embeddable":true,"href":"https:\/\/www.aatev.de\/home\/wp-json\/wp\/v2\/categories?post=963"},{"taxonomy":"post_tag","embeddable":true,"href":"https:\/\/www.aatev.de\/home\/wp-json\/wp\/v2\/tags?post=963"}],"curies":[{"name":"wp","href":"https:\/\/api.w.org\/{rel}","templated":true}]}}